{"id":7208,"date":"2020-03-15T18:38:33","date_gmt":"2020-03-15T17:38:33","guid":{"rendered":"https:\/\/www.laufclub-badkreuznach.de\/?p=7208"},"modified":"2020-03-15T18:38:33","modified_gmt":"2020-03-15T17:38:33","slug":"ausfall-des-werner-beisiegel-laufs","status":"publish","type":"post","link":"https:\/\/www.laufclub-badkreuznach.de\/?p=7208","title":{"rendered":"Ausfall des Werner-Beisiegel-Laufs"},"content":{"rendered":"<p>Leider gibt es schlechte Neuigkeiten.<\/p>\n<p>Vor dem Hintergrund der weiter ansteigenden Zahl infizierter Menschen im Land und auch der j\u00fcngsten Entwicklung in unserer Region haben wir uns entschieden, die Veranstaltung abzusagen.<\/p>\n<p>Die weitere Entwicklung ist nicht vorherzusehen und damit auch nicht, welchen Risiken wir die Teilnehmer &#8211; mittelbar weitere Personen &#8211; und nat\u00fcrlich auch uns selbst am 19.4. aussetzen w\u00fcrden.<\/p>\n<p>Wir danken herzlich allen, die bereits bei den Vorbereitungen dabei waren und\/oder das Event mit Herzblut und Freude unterst\u00fctzt haben und setzen auf Euer Verst\u00e4ndnis.<\/p>\n<p>Selbstverst\u00e4ndlich werden wir die bereits gezahlten Startgelder zur\u00fcck\u00fcberweisen.<\/p>\n<p>Wir hoffen, dass ihr trotzdem n\u00e4chstes Jahr wieder dabei seid.<\/p>\n<p>Der LC80- Vorstand<\/p>\n","protected":false},"excerpt":{"rendered":"<p>Leider gibt es schlechte Neuigkeiten. Vor dem Hintergrund der weiter ansteigenden Zahl infizierter Menschen im Land und auch der j\u00fcngsten Entwicklung in unserer Region haben wir uns entschieden, die Veranstaltung<\/p>\n","protected":false},"author":3,"featured_media":0,"comment_status":"closed","ping_status":"closed","sticky":false,"template":"","format":"standard","meta":{"footnotes":""},"categories":[1,154,6],"tags":[],"class_list":["post-7208","post","type-post","status-publish","format-standard","hentry","category-allgemein","category-presse","category-sport"],"_links":{"self":[{"href":"https:\/\/www.laufclub-badkreuznach.de\/index.php?rest_route=\/wp\/v2\/posts\/7208","targetHints":{"allow":["GET"]}}],"collection":[{"href":"https:\/\/www.laufclub-badkreuznach.de\/index.php?rest_route=\/wp\/v2\/posts"}],"about":[{"href":"https:\/\/www.laufclub-badkreuznach.de\/index.php?rest_route=\/wp\/v2\/types\/post"}],"author":[{"embeddable":true,"href":"https:\/\/www.laufclub-badkreuznach.de\/index.php?rest_route=\/wp\/v2\/users\/3"}],"replies":[{"embeddable":true,"href":"https:\/\/www.laufclub-badkreuznach.de\/index.php?rest_route=%2Fwp%2Fv2%2Fcomments&post=7208"}],"version-history":[{"count":0,"href":"https:\/\/www.laufclub-badkreuznach.de\/index.php?rest_route=\/wp\/v2\/posts\/7208\/revisions"}],"wp:attachment":[{"href":"https:\/\/www.laufclub-badkreuznach.de\/index.php?rest_route=%2Fwp%2Fv2%2Fmedia&parent=7208"}],"wp:term":[{"taxonomy":"category","embeddable":true,"href":"https:\/\/www.laufclub-badkreuznach.de\/index.php?rest_route=%2Fwp%2Fv2%2Fcategories&post=7208"},{"taxonomy":"post_tag","embeddable":true,"href":"https:\/\/www.laufclub-badkreuznach.de\/index.php?rest_route=%2Fwp%2Fv2%2Ftags&post=7208"}],"curies":[{"name":"wp","href":"https:\/\/api.w.org\/{rel}","templated":true}]}}