{"id":6982,"date":"2019-10-27T18:00:32","date_gmt":"2019-10-27T17:00:32","guid":{"rendered":"https:\/\/www.laufclub-badkreuznach.de\/?p=6982"},"modified":"2019-12-16T09:17:37","modified_gmt":"2019-12-16T08:17:37","slug":"marcel-remmert-und-laura-schneider-beim-frankfurt-marathon","status":"publish","type":"post","link":"https:\/\/www.laufclub-badkreuznach.de\/?p=6982","title":{"rendered":"Marcel Remmert und Laura Schneider beim Frankfurt Marathon"},"content":{"rendered":"<p>Eine Stunde l\u00e4nger Schlaf hat man gew\u00f6hnlich vor dem Frankfurt Marathon, der am Tag nach dem Wechsel in die Winterzeit startet. So konnte entspannt angereist und Schuhe geschn\u00fcrrt werden. Schon an der Startlinie zog ein k\u00fchler Wind und alle warteten sehnlichst darauf, dass es losging. Der Startschuss fiehl und ein riesiges L\u00e4uferfeld setzte sich in Gang. Auf der ersten H\u00e4llfte war es noch perfektes Laufetter: T-shirt und Laufhose reichten aus, in der zweiten H\u00e4lfte \u00e4nderte sich dies leider drastisch in Regen kombiniert mit Wind. Das machte es den L\u00e4ufern nicht einfach und man erreicht m\u00fcde und frierend das Ziel. Aber die Medallie am Ende belohnt vieles.<\/p>\n","protected":false},"excerpt":{"rendered":"<p>Eine Stunde l\u00e4nger Schlaf hat man gew\u00f6hnlich vor dem Frankfurt Marathon, der am Tag nach dem Wechsel in die Winterzeit startet. So konnte entspannt angereist und Schuhe geschn\u00fcrrt werden. Schon<\/p>\n","protected":false},"author":3,"featured_media":0,"comment_status":"closed","ping_status":"closed","sticky":false,"template":"","format":"standard","meta":{"footnotes":""},"categories":[1,154,6],"tags":[],"class_list":["post-6982","post","type-post","status-publish","format-standard","hentry","category-allgemein","category-presse","category-sport"],"_links":{"self":[{"href":"https:\/\/www.laufclub-badkreuznach.de\/index.php?rest_route=\/wp\/v2\/posts\/6982","targetHints":{"allow":["GET"]}}],"collection":[{"href":"https:\/\/www.laufclub-badkreuznach.de\/index.php?rest_route=\/wp\/v2\/posts"}],"about":[{"href":"https:\/\/www.laufclub-badkreuznach.de\/index.php?rest_route=\/wp\/v2\/types\/post"}],"author":[{"embeddable":true,"href":"https:\/\/www.laufclub-badkreuznach.de\/index.php?rest_route=\/wp\/v2\/users\/3"}],"replies":[{"embeddable":true,"href":"https:\/\/www.laufclub-badkreuznach.de\/index.php?rest_route=%2Fwp%2Fv2%2Fcomments&post=6982"}],"version-history":[{"count":0,"href":"https:\/\/www.laufclub-badkreuznach.de\/index.php?rest_route=\/wp\/v2\/posts\/6982\/revisions"}],"wp:attachment":[{"href":"https:\/\/www.laufclub-badkreuznach.de\/index.php?rest_route=%2Fwp%2Fv2%2Fmedia&parent=6982"}],"wp:term":[{"taxonomy":"category","embeddable":true,"href":"https:\/\/www.laufclub-badkreuznach.de\/index.php?rest_route=%2Fwp%2Fv2%2Fcategories&post=6982"},{"taxonomy":"post_tag","embeddable":true,"href":"https:\/\/www.laufclub-badkreuznach.de\/index.php?rest_route=%2Fwp%2Fv2%2Ftags&post=6982"}],"curies":[{"name":"wp","href":"https:\/\/api.w.org\/{rel}","templated":true}]}}