{"id":6980,"date":"2019-10-25T09:03:51","date_gmt":"2019-10-25T07:03:51","guid":{"rendered":"https:\/\/www.laufclub-badkreuznach.de\/?p=6980"},"modified":"2019-12-16T09:08:08","modified_gmt":"2019-12-16T08:08:08","slug":"zum-1-mal-im-lc-80-mehrtageswanderung-ins-dahner-felsenland","status":"publish","type":"post","link":"https:\/\/www.laufclub-badkreuznach.de\/?p=6980","title":{"rendered":"Zum 1. Mal im LC 80: Mehrtageswanderung ins Dahner Felsenland"},"content":{"rendered":"<div id=\"js_19p\" class=\"_5pbx userContent _3576\" data-testid=\"post_message\" data-ft=\"{&quot;tn&quot;:&quot;K&quot;}\">\n<p>Im Vorfeld der Wanderung gab es einiges zu planen\u2026und zu entscheiden; Die Mehrheit der Wanderer w\u00e4hlte die von Rolf vorgeschlagene Sagenland Tour (Weg Symbol ein kleines Gespenst) durch das Dahner Felsenland.<br \/>\nDagmar und Daniela k\u00fcmmerten sich um die Buchung der 8 Betten f\u00fcr die Wanderer und am Sonntag, den 20.10. trafen wir uns bereits um 7:30 Uhr um in zwei Fahrzeugenin str\u00f6menden Regen die rd. 140 KM nach S\u00fcden zu fahren.<\/p>\n<p>P\u00fcnktlich zum Start in Erfweiler h\u00f6rte es auf zu regnen, die Mittagsrast fand im Freien bei mildem Sonnenschein an der Pf\u00e4lzerwaldverein H\u00fctte am Drachenfels statt, bei der wir leckeres, warmes Essen bekamen. Nach 24 Km mit reichlich H\u00f6henmetern erreichten wir unseren LandgasthofIn Bundenthal. Am n\u00e4chsten Tag hatten wir ab und zu kurze Regenschauer, noch mehr H\u00f6henmeter und teils rutschige Wege. Letzteres auf der franz\u00f6sischen Seite der Wanderung, daf\u00fcr konnten wir obwohl es Montag war eine warme Mahlzeit im Bistro an der Burg Fleckenstein einnehmen.<\/p>\n<\/div>\n","protected":false},"excerpt":{"rendered":"<p>Im Vorfeld der Wanderung gab es einiges zu planen\u2026und zu entscheiden; Die Mehrheit der Wanderer w\u00e4hlte die von Rolf vorgeschlagene Sagenland Tour (Weg Symbol ein kleines Gespenst) durch das Dahner<\/p>\n","protected":false},"author":3,"featured_media":0,"comment_status":"closed","ping_status":"closed","sticky":false,"template":"","format":"standard","meta":{"footnotes":""},"categories":[1,154,6],"tags":[],"class_list":["post-6980","post","type-post","status-publish","format-standard","hentry","category-allgemein","category-presse","category-sport"],"_links":{"self":[{"href":"https:\/\/www.laufclub-badkreuznach.de\/index.php?rest_route=\/wp\/v2\/posts\/6980","targetHints":{"allow":["GET"]}}],"collection":[{"href":"https:\/\/www.laufclub-badkreuznach.de\/index.php?rest_route=\/wp\/v2\/posts"}],"about":[{"href":"https:\/\/www.laufclub-badkreuznach.de\/index.php?rest_route=\/wp\/v2\/types\/post"}],"author":[{"embeddable":true,"href":"https:\/\/www.laufclub-badkreuznach.de\/index.php?rest_route=\/wp\/v2\/users\/3"}],"replies":[{"embeddable":true,"href":"https:\/\/www.laufclub-badkreuznach.de\/index.php?rest_route=%2Fwp%2Fv2%2Fcomments&post=6980"}],"version-history":[{"count":0,"href":"https:\/\/www.laufclub-badkreuznach.de\/index.php?rest_route=\/wp\/v2\/posts\/6980\/revisions"}],"wp:attachment":[{"href":"https:\/\/www.laufclub-badkreuznach.de\/index.php?rest_route=%2Fwp%2Fv2%2Fmedia&parent=6980"}],"wp:term":[{"taxonomy":"category","embeddable":true,"href":"https:\/\/www.laufclub-badkreuznach.de\/index.php?rest_route=%2Fwp%2Fv2%2Fcategories&post=6980"},{"taxonomy":"post_tag","embeddable":true,"href":"https:\/\/www.laufclub-badkreuznach.de\/index.php?rest_route=%2Fwp%2Fv2%2Ftags&post=6980"}],"curies":[{"name":"wp","href":"https:\/\/api.w.org\/{rel}","templated":true}]}}