{"id":6663,"date":"2019-04-16T12:52:42","date_gmt":"2019-04-16T10:52:42","guid":{"rendered":"https:\/\/www.laufclub-badkreuznach.de\/?p=6663"},"modified":"2019-04-29T20:14:05","modified_gmt":"2019-04-29T18:14:05","slug":"rekordverdaechtige-328-finisher-beim-17-werner-beisiegel-gedaechtnis-lauf","status":"publish","type":"post","link":"https:\/\/www.laufclub-badkreuznach.de\/?p=6663","title":{"rendered":"Rekordverd\u00e4chtige 368 Anmeldungen und 328 Finisher beim 17. Werner-Beisiegel-Ged\u00e4chtnis-Lauf"},"content":{"rendered":"<div><\/div>\n<div><span style=\"font-size: 14pt;\">Nach dem Regen in der Nacht gingen am Sonntag bei k\u00fchlen einstelligen Temperaturen <\/span><span style=\"font-size: 14pt;\">rekordverd\u00e4chtige 328 L\u00e4uferinnen und L\u00e4ufer im Rahmen des 17. Werner-Beisiegel-<\/span><span style=\"font-size: 14pt;\">Ged\u00e4chtnis-Laufs auf die \u201ePanoramastrecke\u201c zwischen der Friedensbr\u00fccke und dem <\/span><span style=\"font-size: 14pt;\">Stausee bei Niederhausen und zeigten dabei gute Leistungen.<\/span><\/div>\n<div><\/div>\n<div><span style=\"font-size: 14pt;\">Marco Gabriel siegte bei den M\u00e4nnern \u00fcber die Halbmarathondistanz in 01:26:34, <\/span><span style=\"font-size: 14pt;\">Janine Mangelsdorf in 01:45:31 bei den Frauen. <\/span><\/div>\n<div><span style=\"font-size: 14pt;\">Die 10km dominierte Fabian Fiedler <\/span><span style=\"font-size: 14pt;\">(TV Waldstra\u00dfe Wiesbaden) in 00:32:42 und bei den Frauen Lena M\u00fcller (LLG <\/span><span style=\"font-size: 14pt;\">Hunsr\u00fcck) in 00:42:52. Die Schnellsten \u00fcber die 5km-Distanz waren Andr\u00e9 Weber <\/span><span style=\"font-size: 14pt;\">(H\u00f6rerlebnis Bad M\u00fcnster am Stein-Ebernburg) in 00:18:58 und Tatjana Kehrein (LF <\/span><span style=\"font-size: 14pt;\">Naheland Bad Kreuznach) in 00:22:01.<\/span><\/div>\n<div><\/div>\n<div><span style=\"font-size: 14pt;\">Deutlich st\u00e4rker besetzt, als in den Vorjahren waren die Kinderl\u00e4ufe. 61 Kinder gingen \u00fcber die 400m und 1000m Distanz an den Start. Diese freudige Tatsache war f\u00fcr den Vorstand des LC 80 der Ansto\u00df f\u00fcr eine Idee zur Nachwuchsf\u00f6rderung. Statt der Tombola im Rahmen des<\/span><\/div>\n<div><span style=\"font-size: 14pt;\">Startnummernrecyclings wurde den Kindern und Jugendlichen in diesem Jahr gegen <\/span><span style=\"font-size: 14pt;\">Abgabe der Startnummer die Meldegeb\u00fchr zur\u00fcck erstattet.<\/span><\/div>\n<div><\/div>\n<div><span style=\"font-size: 14pt;\">Nicht nur auf der Strecke, sondern auch bei der abschlie\u00dfenden Siegerehrung in der <\/span><span style=\"font-size: 14pt;\">Sporthalle der Realschule plus, herrschte reger Betrieb und man konnte in zufriedene <\/span><span style=\"font-size: 14pt;\">Gesichter blicken. Gro\u00dfer Dank gilt den vielen Helfern des LC 80 und den L\u00e4uferinnen <\/span><span style=\"font-size: 14pt;\">und L\u00e4ufern, die durch ihre Teilnahme die Veranstaltung bereichert haben.<\/span><\/div>\n<div><span style=\"font-size: 14pt;\">Wir freuen uns auf den 18. Werner-Beisiegel-Ged\u00e4chtnis-Lauf 2020 und hoffen ihr<\/span><\/div>\n<div><span style=\"font-size: 14pt;\">seid wieder dabei!<\/span><\/div>\n","protected":false},"excerpt":{"rendered":"<p>Nach dem Regen in der Nacht gingen am Sonntag bei k\u00fchlen einstelligen Temperaturen rekordverd\u00e4chtige 328 L\u00e4uferinnen und L\u00e4ufer im Rahmen des 17. Werner-Beisiegel-Ged\u00e4chtnis-Laufs auf die \u201ePanoramastrecke\u201c zwischen der Friedensbr\u00fccke und<\/p>\n","protected":false},"author":3,"featured_media":0,"comment_status":"closed","ping_status":"closed","sticky":false,"template":"","format":"standard","meta":{"footnotes":""},"categories":[1,154,6],"tags":[],"class_list":["post-6663","post","type-post","status-publish","format-standard","hentry","category-allgemein","category-presse","category-sport"],"_links":{"self":[{"href":"https:\/\/www.laufclub-badkreuznach.de\/index.php?rest_route=\/wp\/v2\/posts\/6663","targetHints":{"allow":["GET"]}}],"collection":[{"href":"https:\/\/www.laufclub-badkreuznach.de\/index.php?rest_route=\/wp\/v2\/posts"}],"about":[{"href":"https:\/\/www.laufclub-badkreuznach.de\/index.php?rest_route=\/wp\/v2\/types\/post"}],"author":[{"embeddable":true,"href":"https:\/\/www.laufclub-badkreuznach.de\/index.php?rest_route=\/wp\/v2\/users\/3"}],"replies":[{"embeddable":true,"href":"https:\/\/www.laufclub-badkreuznach.de\/index.php?rest_route=%2Fwp%2Fv2%2Fcomments&post=6663"}],"version-history":[{"count":0,"href":"https:\/\/www.laufclub-badkreuznach.de\/index.php?rest_route=\/wp\/v2\/posts\/6663\/revisions"}],"wp:attachment":[{"href":"https:\/\/www.laufclub-badkreuznach.de\/index.php?rest_route=%2Fwp%2Fv2%2Fmedia&parent=6663"}],"wp:term":[{"taxonomy":"category","embeddable":true,"href":"https:\/\/www.laufclub-badkreuznach.de\/index.php?rest_route=%2Fwp%2Fv2%2Fcategories&post=6663"},{"taxonomy":"post_tag","embeddable":true,"href":"https:\/\/www.laufclub-badkreuznach.de\/index.php?rest_route=%2Fwp%2Fv2%2Ftags&post=6663"}],"curies":[{"name":"wp","href":"https:\/\/api.w.org\/{rel}","templated":true}]}}