{"id":6627,"date":"2019-03-25T18:46:50","date_gmt":"2019-03-25T17:46:50","guid":{"rendered":"https:\/\/www.laufclub-badkreuznach.de\/?p=6627"},"modified":"2019-04-29T20:13:37","modified_gmt":"2019-04-29T18:13:37","slug":"lc-80-mit-einer-kleinen-aber-feinen-gruppe-beim-seppel-kiefer-lauf-2019","status":"publish","type":"post","link":"https:\/\/www.laufclub-badkreuznach.de\/?p=6627","title":{"rendered":"LC 80 mit einer kleinen aber feinen Gruppe beim Seppel-Kiefer-Lauf 2019"},"content":{"rendered":"<p>Mit einer kleinen aber feinen Gruppe nahm der LC 80 am 17. M\u00e4rz am Seppel-Kiefer-Lauf teil. In den stark besetzten Teilnehmerfeldern behaupteten sich die Athleten nicht nur gegen die starke Konkurrenz sondern auch gegen den Wind und den einsetzenden Regen.<br \/>\n\u00dcber 5 km belegte Michael Landvogt mit 22:51,00 in der AK M60 den 1. Platz, Thomas Braun lief \u00fcber die gleiche Distanz in 23:23,00 in der AK M55 auf den 2. Platz.<br \/>\n\u00dcber 10 km lief Christina Devinast als Zweitplatzierte ihrer Altersklasse (W 35) \u00fcber die Ziellinie. Mit pers\u00f6nlicher Streckenbestzeit von 0:48:12,00 belegte sie im Gesamtklassement der Frauen damit Platz 7. F\u00fcr Alfred Ohl blieb die Zeit bei 0:47:10,00 stehen, dies bedeutete f\u00fcr ihn Platz 4 in der AK 55. Marcel Remmert lief mit 0:44:20,00 als 6. der M\u00e4nnerhauptklasse ins Ziel.<\/p>\n","protected":false},"excerpt":{"rendered":"<p>Mit einer kleinen aber feinen Gruppe nahm der LC 80 am 17. M\u00e4rz am Seppel-Kiefer-Lauf teil. In den stark besetzten Teilnehmerfeldern behaupteten sich die Athleten nicht nur gegen die starke<\/p>\n","protected":false},"author":3,"featured_media":0,"comment_status":"closed","ping_status":"closed","sticky":false,"template":"","format":"standard","meta":{"footnotes":""},"categories":[1,154,6],"tags":[],"class_list":["post-6627","post","type-post","status-publish","format-standard","hentry","category-allgemein","category-presse","category-sport"],"_links":{"self":[{"href":"https:\/\/www.laufclub-badkreuznach.de\/index.php?rest_route=\/wp\/v2\/posts\/6627","targetHints":{"allow":["GET"]}}],"collection":[{"href":"https:\/\/www.laufclub-badkreuznach.de\/index.php?rest_route=\/wp\/v2\/posts"}],"about":[{"href":"https:\/\/www.laufclub-badkreuznach.de\/index.php?rest_route=\/wp\/v2\/types\/post"}],"author":[{"embeddable":true,"href":"https:\/\/www.laufclub-badkreuznach.de\/index.php?rest_route=\/wp\/v2\/users\/3"}],"replies":[{"embeddable":true,"href":"https:\/\/www.laufclub-badkreuznach.de\/index.php?rest_route=%2Fwp%2Fv2%2Fcomments&post=6627"}],"version-history":[{"count":0,"href":"https:\/\/www.laufclub-badkreuznach.de\/index.php?rest_route=\/wp\/v2\/posts\/6627\/revisions"}],"wp:attachment":[{"href":"https:\/\/www.laufclub-badkreuznach.de\/index.php?rest_route=%2Fwp%2Fv2%2Fmedia&parent=6627"}],"wp:term":[{"taxonomy":"category","embeddable":true,"href":"https:\/\/www.laufclub-badkreuznach.de\/index.php?rest_route=%2Fwp%2Fv2%2Fcategories&post=6627"},{"taxonomy":"post_tag","embeddable":true,"href":"https:\/\/www.laufclub-badkreuznach.de\/index.php?rest_route=%2Fwp%2Fv2%2Ftags&post=6627"}],"curies":[{"name":"wp","href":"https:\/\/api.w.org\/{rel}","templated":true}]}}