{"id":6463,"date":"2018-09-06T12:41:06","date_gmt":"2018-09-06T10:41:06","guid":{"rendered":"http:\/\/www.laufclub-badkreuznach.de\/?p=6463"},"modified":"2018-09-06T12:41:06","modified_gmt":"2018-09-06T10:41:06","slug":"lc-80-beim-ersten-guldentaler-sommertrail-stark-vertreten","status":"publish","type":"post","link":"https:\/\/www.laufclub-badkreuznach.de\/?p=6463","title":{"rendered":"LC 80 beim ersten Guldentaler Sommertrail stark vertreten"},"content":{"rendered":"<p>18 Kilometer und 450 H\u00f6henmeter waren am 05. August beim ersten Guldentaler Sommertrail zu bew\u00e4ltigen. Die Strecke f\u00fchrte die L\u00e4uferschar bei hochsommerlichen Temperaturen durch die Guldentaler Weinberge und den Langenlonsheimer Wald. Einige der Teilnehmer hatten die ein oder andere Streckenmarkierung \u00fcbersehen, mussten ihren Irrweg wieder zur\u00fcck laufen und hatten somit im Ziel sogar mehr als 18 Kilometer in den Beinen. Auch die LC 80 Athleten konnten sich davon nicht ganz frei sprechen, umso beachtlicher die Leistungen:<\/p>\n<p>Christoph Landvogt belegte mit 01:25:08 im Gesamtklassement den 2. Platz (1. M35), Marcel Remmert mit 01:43:55 insgesamt den 12. Platz (1. HK M\u00e4nner).<\/p>\n<p>Bei den Frauen erlief Lisa-Marie Wilbois mit 01:52:35 den 2. Platz (2. W30) und Christina Devinast komplettierte mit 01:55:13 als drittschnellste Frau (1. W35).<span class=\"Apple-converted-space\">\u00a0<\/span><\/p>\n","protected":false},"excerpt":{"rendered":"<p>18 Kilometer und 450 H\u00f6henmeter waren am 05. August beim ersten Guldentaler Sommertrail zu bew\u00e4ltigen. Die Strecke f\u00fchrte die L\u00e4uferschar bei hochsommerlichen Temperaturen durch die Guldentaler Weinberge und den Langenlonsheimer<\/p>\n","protected":false},"author":3,"featured_media":0,"comment_status":"closed","ping_status":"closed","sticky":false,"template":"","format":"standard","meta":{"footnotes":""},"categories":[1,154,6],"tags":[],"class_list":["post-6463","post","type-post","status-publish","format-standard","hentry","category-allgemein","category-presse","category-sport"],"_links":{"self":[{"href":"https:\/\/www.laufclub-badkreuznach.de\/index.php?rest_route=\/wp\/v2\/posts\/6463","targetHints":{"allow":["GET"]}}],"collection":[{"href":"https:\/\/www.laufclub-badkreuznach.de\/index.php?rest_route=\/wp\/v2\/posts"}],"about":[{"href":"https:\/\/www.laufclub-badkreuznach.de\/index.php?rest_route=\/wp\/v2\/types\/post"}],"author":[{"embeddable":true,"href":"https:\/\/www.laufclub-badkreuznach.de\/index.php?rest_route=\/wp\/v2\/users\/3"}],"replies":[{"embeddable":true,"href":"https:\/\/www.laufclub-badkreuznach.de\/index.php?rest_route=%2Fwp%2Fv2%2Fcomments&post=6463"}],"version-history":[{"count":0,"href":"https:\/\/www.laufclub-badkreuznach.de\/index.php?rest_route=\/wp\/v2\/posts\/6463\/revisions"}],"wp:attachment":[{"href":"https:\/\/www.laufclub-badkreuznach.de\/index.php?rest_route=%2Fwp%2Fv2%2Fmedia&parent=6463"}],"wp:term":[{"taxonomy":"category","embeddable":true,"href":"https:\/\/www.laufclub-badkreuznach.de\/index.php?rest_route=%2Fwp%2Fv2%2Fcategories&post=6463"},{"taxonomy":"post_tag","embeddable":true,"href":"https:\/\/www.laufclub-badkreuznach.de\/index.php?rest_route=%2Fwp%2Fv2%2Ftags&post=6463"}],"curies":[{"name":"wp","href":"https:\/\/api.w.org\/{rel}","templated":true}]}}