{"id":6336,"date":"2018-04-21T13:24:40","date_gmt":"2018-04-21T11:24:40","guid":{"rendered":"http:\/\/www.laufclub-badkreuznach.de\/?p=6336"},"modified":"2018-09-06T12:41:41","modified_gmt":"2018-09-06T10:41:41","slug":"beste-bedingungen-bei-der-16-auflage-des-werner-beisiegel-gedaechtnis-laufs","status":"publish","type":"post","link":"https:\/\/www.laufclub-badkreuznach.de\/?p=6336","title":{"rendered":"Beste Bedingungen bei der 16. Auflage des Werner-Beisiegel-Ged\u00e4chtnis-Laufs"},"content":{"rendered":"<p>&nbsp;<\/p>\n<p>Nach dem luftreinigenden Regen am Morgen konnten die L\u00e4ufer bei angenehmen Temperaturen und Sonnenschein ab 9.30 Uhr an den Start gehen. Die Halbmarathonis hatten erneut die Ehre die Laufveranstaltung zu er\u00f6ffnen, dann gingen die Kinder \u00fcber 400m und 1000m an den Start, gefolgt von den 10km &#8211; und 5km &#8211; L\u00e4ufern. Auf der Strecke und im Zieleinlauf ging es somit wieder lebhaft zu.<span class=\"Apple-converted-space\">\u00a0<\/span><\/p>\n<p>Mit der Teilnehmerzahl von 252 gemeldeten Athleten konnte der LC 80 dieses Jahr nicht ganz zufrieden sein. Termin\u00fcberschneidungen mit anderen Laufveranstaltungen spielten hier sicherlich eine Rolle. Beispielsweise machte der alle zwei Jahre stattfindende Marathon Deutsche Weinstra\u00dfe dem Werner-Beisiegel-Lauf am Wochenende Konkurrenz.<span class=\"Apple-converted-space\">\u00a0<\/span><\/p>\n<p>Fehlte am Sonntag manch ein Stammgast, so konnte man doch auch den ein oder anderen Verein zum ersten Mal begr\u00fc\u00dfen und zum Fan der Panoramastrecke zwischen der Friedensbr\u00fccke in Bad M\u00fcnster und dem Stausee bei Niederhausen machen.<\/p>\n<p>Beispielsweise waren zum ersten Mal Athleten des USC Mainz am Start und konnten sich in die Siegerlisten eintragen. Der erst 15j\u00e4hrige Anas Belfigh vom USC war mit einer Zeit von 17:33 Schnellster \u00fcber die 5km-Distanz. \u00dcber die gleiche Distanz konnte mit Anna Berwanger (WJ U18, LF Naheland) ebenfalls eine junge Athletin den Sieg der weiblichen Konkurrenz f\u00fcr sich verbuchen. Sie erreichte in 21:53 das Ziel.<\/p>\n<p>\u00dcber die 10 km siegten Andreas Heimel (M45, TV Waldstra\u00dfe Wiesbaden) in 36:00 und Stephanie Gilfrich-Schneider (W40, USC Mainz) in 41:07.<\/p>\n<p>An den Streckenrekorden \u00fcber die Halbmarathondistanz, die letztes Jahr aufgestellt wurden, konnte zwar nicht gekratzt werden, aber beeindruckende Leistungen zeigten auch hier die Sieger. Bernd Hipp (M45, RC Michelin) lief mit einer Zeit von 1:20:42 \u00fcber die Ziellinie und Anne Eifler (W30, Triathlon Team Rhein\/Nahe) mit 1:35:07.<\/p>\n<p>Die L\u00e4ufer wurden auch in diesem Jahr wieder von einem tollen Helferteam des LC 80 vor w\u00e4hrend und nach dem Lauf umsorgt.<span class=\"Apple-converted-space\">\u00a0<\/span><\/p>\n<p>Neben den gewohnt guten Bedingungen f\u00fcr die Athleten mit Dusch- und Umkleidem\u00f6glichkeiten und bester Verpflegung in der Halle der Realschule plus, gab es wieder per Rad und Actioncamera aufgezeichnete Filmaufnahmen von der Strecke, die in der Halle pr\u00e4sentiert wurden und bei den Sportlern reges Interesse fanden, eine Startnummerntombola und Siegerehrungen f\u00fcr alle Altersklassen mit vielen Preisen.<span class=\"Apple-converted-space\">\u00a0<\/span><\/p>\n<p>Eine solche Veranstaltung kann nur gelingen, wenn alle an einem Strang ziehen. Beim LC 80 war dies am vergangenen Wochenende zu beobachten, getreu dem Vereinsmotto: Sport und Gemeinschaft leben.<span class=\"Apple-converted-space\">\u00a0<\/span><\/p>\n","protected":false},"excerpt":{"rendered":"<p>&nbsp; Nach dem luftreinigenden Regen am Morgen konnten die L\u00e4ufer bei angenehmen Temperaturen und Sonnenschein ab 9.30 Uhr an den Start gehen. Die Halbmarathonis hatten erneut die Ehre die Laufveranstaltung<\/p>\n","protected":false},"author":3,"featured_media":0,"comment_status":"closed","ping_status":"closed","sticky":false,"template":"","format":"standard","meta":{"footnotes":""},"categories":[1],"tags":[],"class_list":["post-6336","post","type-post","status-publish","format-standard","hentry","category-allgemein"],"_links":{"self":[{"href":"https:\/\/www.laufclub-badkreuznach.de\/index.php?rest_route=\/wp\/v2\/posts\/6336","targetHints":{"allow":["GET"]}}],"collection":[{"href":"https:\/\/www.laufclub-badkreuznach.de\/index.php?rest_route=\/wp\/v2\/posts"}],"about":[{"href":"https:\/\/www.laufclub-badkreuznach.de\/index.php?rest_route=\/wp\/v2\/types\/post"}],"author":[{"embeddable":true,"href":"https:\/\/www.laufclub-badkreuznach.de\/index.php?rest_route=\/wp\/v2\/users\/3"}],"replies":[{"embeddable":true,"href":"https:\/\/www.laufclub-badkreuznach.de\/index.php?rest_route=%2Fwp%2Fv2%2Fcomments&post=6336"}],"version-history":[{"count":0,"href":"https:\/\/www.laufclub-badkreuznach.de\/index.php?rest_route=\/wp\/v2\/posts\/6336\/revisions"}],"wp:attachment":[{"href":"https:\/\/www.laufclub-badkreuznach.de\/index.php?rest_route=%2Fwp%2Fv2%2Fmedia&parent=6336"}],"wp:term":[{"taxonomy":"category","embeddable":true,"href":"https:\/\/www.laufclub-badkreuznach.de\/index.php?rest_route=%2Fwp%2Fv2%2Fcategories&post=6336"},{"taxonomy":"post_tag","embeddable":true,"href":"https:\/\/www.laufclub-badkreuznach.de\/index.php?rest_route=%2Fwp%2Fv2%2Ftags&post=6336"}],"curies":[{"name":"wp","href":"https:\/\/api.w.org\/{rel}","templated":true}]}}