{"id":6144,"date":"2017-08-16T15:44:07","date_gmt":"2017-08-16T13:44:07","guid":{"rendered":"http:\/\/www.laufclub-badkreuznach.de\/?p=6144"},"modified":"2018-04-21T13:33:44","modified_gmt":"2018-04-21T11:33:44","slug":"lc-80-2017-on-tour","status":"publish","type":"post","link":"https:\/\/www.laufclub-badkreuznach.de\/?p=6144","title":{"rendered":"LC 80 2017 on Tour\u00a0"},"content":{"rendered":"<p>Vogesen von wegen nicht so anstrengend.<\/p>\n<p>Nachdem wir 2015 mit dem Rad bereits die Alpen bezwungen hatten und 2016 die Pyren\u00e4en unser Ziel waren, sollte es in diesem Jahr in eine n\u00e4here Region gehen.<\/p>\n<p>Die Wahl fiel bei der Jahresabschlussfeier des LC 80 auf die Vogesen. Daf\u00fcr sprachen die\u00a0relativ kurze Anfahrt, die wundersch\u00f6ne Natur und die eher geringe Verkehrsdichte.<\/p>\n<p>Auch sollte es eine Reise in die Vergangenheit mit den Konflikten zwischen Franzosen und Deutschen im ersten Weltkrieg werden. Viele alte Grabst\u00e4tten und Einrichtungen erinnern und mahnen.<\/p>\n<p>Das schlechte Wetter im Fr\u00fchjahr erschwerte die Vorbereitung und sollte die Entscheidung f\u00fcr die vermeintlich nicht so anstrengende Tour best\u00e4tigen.<\/p>\n<p>Mehrere Tagestouren, verteilt auf rund eine Woche mit unterschiedlichen Schwierigkeitsgraden wurden geplant.<\/p>\n<p>Durch Mundpropaganda wurde der harte Kern der letztj\u00e4hrigen Touren um weitere Radfahrer, nicht nur Mitglieder des LC 80, erg\u00e4nzt. Zum Schluss waren es 20 Teilnehmer&#8230;eine organisatorische Herausforderung!<\/p>\n<p>Ausgangspunkt war dieses Mal immer derselbe Ort, n\u00e4mlich Ribeauville, ein malerisches St\u00e4dtchen ganz in der N\u00e4he von Colmar. Das \u201eCheval Blanc\u201c hatte zum Gl\u00fcck gen\u00fcgend Unterkunftsm\u00f6glichkeiten, ein hervorragendes Abendessen und die notwendige Flexibilit\u00e4t f\u00fcr die individuellen Bed\u00fcrfnisse der Radler.<\/p>\n<p>Ein Teil der Gruppe \u00fcbernachtete auf dem zwei Kilometer entfernten Campingplatz und man traf sich am Abend zum Essen mit Vin Rouge oder Panache.<\/p>\n<p>Bedingt durch die gro\u00dfe Anzahl der Teilnehmer und\u00a0unterschiedliche Leistungsst\u00e4nde wurden immer zwei Touren am Tag angeboten.<\/p>\n<p>Die anspruchsvolleren Touren hatten eine L\u00e4nge von ca. 100 Kilometern und es galt rund 2000 H\u00f6henmeter zu \u00fcberwinden.<\/p>\n<p>Am ersten Tag gab es f\u00fcr die fr\u00fch angereisten Teilnehmer eine \u201eEinrolltour\u201c zum Chateau du Haut- K\u00f6nigsbourg und Umgebung. Kam\u00a0einem die Steigung an diesem Tag noch moderat vor, sollte sich die Einsch\u00e4tzung sp\u00e4testens zwei Tage sp\u00e4ter ge\u00e4ndert haben, wenn es wieder in diese Richtung ging. Am Abend trudelte dann der Gro\u00dfteil der Radler nach und nach ein und schloss ich der Willkommensparty auf dem Campingplatz an.<\/p>\n<p>Der zweite Tag. Erster Ausritt f\u00fcr die neuen Radtrikots des LC 80 Bad Kreuznach.<\/p>\n<p>Tour\u00a0: Col du Haut de Ribeaubill\u00e9 &#8211; Ste-Marie-aux-Mines &#8211; Col de Ste-Marie &#8211; Col de Mandray &#8211; Route foresti\u00e8re zum Col du Pr\u00e9 de Raves &#8211; \u00fcber Route des Cr\u00eates zum Col du Bonhomme (Mittag)\u00a0&#8211; weiter auf der Route des Cr\u00eates zum Col du Calvaire an Lac Blanc vorbei zum Col du Wettstein &#8211; Collet du Linge &#8211; Caf\u00e9 in Trois \u00c9pis &#8211; Abfahrt nach Ammerschwihr und \u00fcber die Route du Vin zur\u00fcck nach Ribeauvill\u00e9.<\/p>\n<p>Am dritten Tag ist dann passiert was zu einer guten Tour dazu geh\u00f6rt:<\/p>\n<p>Die geplante Tour ging \u00fcber<b> <\/b>Haut-Koenigsbourg &#8211; Li\u00e8pvre &#8211; Col de Fouchy &#8211; Vill\u00e9 &#8211; Col de Steige &#8211; Col de la Charbonni\u00e8re (Mittag auf Terrasse) &#8211; Champ du Feu (h\u00f6chster Punkt der Nordvogesen) &#8211;\u00a0Le Hohwald &#8211; durch das Tal der Andlau nach Andlau und \u00fcber die Route du Vin zur\u00fcck nach Ribeauvill\u00e9. Leider hatte eine gr\u00f6\u00dfere Gruppe auf der letzten langen Abfahrt eine Abzweigung \u00fcbersehen und es ging mit zus\u00e4tzlichen 500 H\u00f6henmetern \u00fcber den Mont de Sainte Odile zur\u00fcck.<\/p>\n<p>Am letzten Tag hie\u00df es\u00a0Rennr\u00e4der verladen und Umsetzen nach Munster \u2013 Zum Gl\u00fcck hatten wir einen Teilnehmer mit Lieferwagen dabei und konnten alle R\u00e4der ohne viel Aufwand transportieren. Munster Sondernach und dann Auffahrt zum Col du Platzerwasel &#8211; weiter \u00fcber Breitfirst zum Markstein (Essen) Dort angekommen trafen wir zuf\u00e4llig Melanie Wurdel, die mit Ihrem Mann und weiteren \u201eSoonwaldkeilern\u201c und Odernheimer Radlern unterwegs war. Eine Gruppe fuhr weiter zum Col du Ballon (Grand Ballon) &#8211; zur\u00fcck zum Markstein &#8211; Abfahrt zum Lac de Kruth-Wildenstein &#8211; \u00fcber Wildenstein zum Col du Bramont &#8211; \u00fcber die Route des Am\u00e9ricains zur Route des Cr\u00eates &#8211; Stichstra\u00dfe zum Gipfel des Hohneck (h\u00f6chster Punkt der Tour)\u00a0&#8211; Col de la Schlucht und Abfahrt nach Munster.<\/p>\n<p>Wir sind sehr dankbar, die Tour ohne Unfall und Panne beendet zu haben, zumal wir alle noch\u00a0durch einen schweren\u00a0Radunfall eines Freundes geschockt waren. Er hatte vor dabei zu sein, war aber\u00a0kurz vor unserer Tour auf einer Trainingsfahrt angefahren worden; erfreulicherweise geht es ihm wieder besser.<\/p>\n<p><img loading=\"lazy\" decoding=\"async\" class=\"alignnone size-large wp-image-6121\" src=\"https:\/\/www.laufclub-badkreuznach.de\/wp-content\/uploads\/2013\/09\/P1040173-1024x768.jpg\" alt=\"\" width=\"900\" height=\"675\" srcset=\"https:\/\/www.laufclub-badkreuznach.de\/wp-content\/uploads\/2013\/09\/P1040173-1024x768.jpg 1024w, https:\/\/www.laufclub-badkreuznach.de\/wp-content\/uploads\/2013\/09\/P1040173-300x225.jpg 300w, https:\/\/www.laufclub-badkreuznach.de\/wp-content\/uploads\/2013\/09\/P1040173-768x576.jpg 768w, https:\/\/www.laufclub-badkreuznach.de\/wp-content\/uploads\/2013\/09\/P1040173-160x120.jpg 160w, https:\/\/www.laufclub-badkreuznach.de\/wp-content\/uploads\/2013\/09\/P1040173-624x468.jpg 624w\" sizes=\"auto, (max-width: 900px) 100vw, 900px\" \/><\/p>\n<p>Nach der Tour ist vor der Tour. Ideen f\u00fcr das n\u00e4chste Jahr gibt es schon. Wir freuen uns schon jetzt auf die Umsetzung.<\/p>\n","protected":false},"excerpt":{"rendered":"<p>Vogesen von wegen nicht so anstrengend. Nachdem wir 2015 mit dem Rad bereits die Alpen bezwungen hatten und 2016 die Pyren\u00e4en unser Ziel waren, sollte es in diesem Jahr in<\/p>\n","protected":false},"author":3,"featured_media":0,"comment_status":"closed","ping_status":"closed","sticky":false,"template":"","format":"standard","meta":{"footnotes":""},"categories":[1],"tags":[],"class_list":["post-6144","post","type-post","status-publish","format-standard","hentry","category-allgemein"],"_links":{"self":[{"href":"https:\/\/www.laufclub-badkreuznach.de\/index.php?rest_route=\/wp\/v2\/posts\/6144","targetHints":{"allow":["GET"]}}],"collection":[{"href":"https:\/\/www.laufclub-badkreuznach.de\/index.php?rest_route=\/wp\/v2\/posts"}],"about":[{"href":"https:\/\/www.laufclub-badkreuznach.de\/index.php?rest_route=\/wp\/v2\/types\/post"}],"author":[{"embeddable":true,"href":"https:\/\/www.laufclub-badkreuznach.de\/index.php?rest_route=\/wp\/v2\/users\/3"}],"replies":[{"embeddable":true,"href":"https:\/\/www.laufclub-badkreuznach.de\/index.php?rest_route=%2Fwp%2Fv2%2Fcomments&post=6144"}],"version-history":[{"count":0,"href":"https:\/\/www.laufclub-badkreuznach.de\/index.php?rest_route=\/wp\/v2\/posts\/6144\/revisions"}],"wp:attachment":[{"href":"https:\/\/www.laufclub-badkreuznach.de\/index.php?rest_route=%2Fwp%2Fv2%2Fmedia&parent=6144"}],"wp:term":[{"taxonomy":"category","embeddable":true,"href":"https:\/\/www.laufclub-badkreuznach.de\/index.php?rest_route=%2Fwp%2Fv2%2Fcategories&post=6144"},{"taxonomy":"post_tag","embeddable":true,"href":"https:\/\/www.laufclub-badkreuznach.de\/index.php?rest_route=%2Fwp%2Fv2%2Ftags&post=6144"}],"curies":[{"name":"wp","href":"https:\/\/api.w.org\/{rel}","templated":true}]}}