{"id":5936,"date":"2017-04-12T11:16:14","date_gmt":"2017-04-12T09:16:14","guid":{"rendered":"http:\/\/www.laufclub-badkreuznach.de\/?p=5936"},"modified":"2017-04-19T12:08:06","modified_gmt":"2017-04-19T10:08:06","slug":"wener-beisiegel-lauf-2017","status":"publish","type":"post","link":"https:\/\/www.laufclub-badkreuznach.de\/?p=5936","title":{"rendered":"Wener Beisiegel Lauf 2017"},"content":{"rendered":"<p>Bei herrlichem Fr\u00fchlingswetter war der traditionelle Werner-Beisiegel-Lauf des LC Bad Kreuznach unterhalb des Rotenfelses am Sonntag Treffpunkt f\u00fcr die Langstreckler der Region, darunter auch wieder einige L\u00e4uferinnen und L\u00e4ufer aus der Region Bingen\/Ingelheim&#8230;&#8230;.<\/p>\n<p><a href=\"http:\/\/www.allgemeine-zeitung.de\/service\/suche.htm?from=12.03.2017&amp;till=12.04.2017&amp;vt=werner+Beisiegel\">Artikel erschienen in der Allgemeinen Zeitung am 11.04.2017<\/a><\/p>\n<p><img loading=\"lazy\" decoding=\"async\" class=\"alignnone size-medium wp-image-5637\" src=\"https:\/\/www.laufclub-badkreuznach.de\/wp-content\/uploads\/2016\/11\/Zeitungsbericht-300x180.jpg\" alt=\"\" width=\"300\" height=\"180\" srcset=\"https:\/\/www.laufclub-badkreuznach.de\/wp-content\/uploads\/2016\/11\/Zeitungsbericht-300x180.jpg 300w, https:\/\/www.laufclub-badkreuznach.de\/wp-content\/uploads\/2016\/11\/Zeitungsbericht.jpg 500w\" sizes=\"auto, (max-width: 300px) 100vw, 300px\" \/><\/p>\n","protected":false},"excerpt":{"rendered":"<p>Bei herrlichem Fr\u00fchlingswetter war der traditionelle Werner-Beisiegel-Lauf des LC Bad Kreuznach unterhalb des Rotenfelses am Sonntag Treffpunkt f\u00fcr die Langstreckler der Region, darunter auch wieder einige L\u00e4uferinnen und L\u00e4ufer aus<\/p>\n","protected":false},"author":3,"featured_media":0,"comment_status":"closed","ping_status":"closed","sticky":false,"template":"","format":"standard","meta":{"footnotes":""},"categories":[154],"tags":[],"class_list":["post-5936","post","type-post","status-publish","format-standard","hentry","category-presse"],"_links":{"self":[{"href":"https:\/\/www.laufclub-badkreuznach.de\/index.php?rest_route=\/wp\/v2\/posts\/5936","targetHints":{"allow":["GET"]}}],"collection":[{"href":"https:\/\/www.laufclub-badkreuznach.de\/index.php?rest_route=\/wp\/v2\/posts"}],"about":[{"href":"https:\/\/www.laufclub-badkreuznach.de\/index.php?rest_route=\/wp\/v2\/types\/post"}],"author":[{"embeddable":true,"href":"https:\/\/www.laufclub-badkreuznach.de\/index.php?rest_route=\/wp\/v2\/users\/3"}],"replies":[{"embeddable":true,"href":"https:\/\/www.laufclub-badkreuznach.de\/index.php?rest_route=%2Fwp%2Fv2%2Fcomments&post=5936"}],"version-history":[{"count":0,"href":"https:\/\/www.laufclub-badkreuznach.de\/index.php?rest_route=\/wp\/v2\/posts\/5936\/revisions"}],"wp:attachment":[{"href":"https:\/\/www.laufclub-badkreuznach.de\/index.php?rest_route=%2Fwp%2Fv2%2Fmedia&parent=5936"}],"wp:term":[{"taxonomy":"category","embeddable":true,"href":"https:\/\/www.laufclub-badkreuznach.de\/index.php?rest_route=%2Fwp%2Fv2%2Fcategories&post=5936"},{"taxonomy":"post_tag","embeddable":true,"href":"https:\/\/www.laufclub-badkreuznach.de\/index.php?rest_route=%2Fwp%2Fv2%2Ftags&post=5936"}],"curies":[{"name":"wp","href":"https:\/\/api.w.org\/{rel}","templated":true}]}}